{"id":1814,"date":"2025-06-09T15:53:56","date_gmt":"2025-06-09T15:53:56","guid":{"rendered":"http:\/\/home.architektgieskes.de\/?p=1814"},"modified":"2025-06-09T15:54:41","modified_gmt":"2025-06-09T15:54:41","slug":"10-jahre-architekt-lars-w-gieskes-planungsgesellschaft-mbh","status":"publish","type":"post","link":"http:\/\/home.architektgieskes.de\/?p=1814","title":{"rendered":"10 Jahre Architekt Lars W. Gieskes Planungsgesellschaft mbH"},"content":{"rendered":"\n<p><\/p>\n\n\n\n<p>Am 01.April 2015 wurde mein B\u00fcro Architekt Lars W. Gieskes Planungsgesellschaft mbH gegr\u00fcndet.<\/p>\n\n\n\n<p>Am 13.Juni 2025 wurde das B\u00fcro an der Skagerrakstra\u00dfe offiziell er\u00f6ffnet. Aus diesem Grund \u00f6ffnet am 14.Juni 2025 das B\u00fcro zum &#8222;openoffice&#8220; f\u00fcr Bauherren, Freunde und Interressierrte&#8220;<\/p>\n\n\n\n<p><\/p>\n","protected":false},"excerpt":{"rendered":"<p>Am 01.April 2015 wurde mein B\u00fcro Architekt Lars W. Gieskes Planungsgesellschaft mbH gegr\u00fcndet. Am 13.Juni 2025 wurde das B\u00fcro an der Skagerrakstra\u00dfe offiziell er\u00f6ffnet. Aus diesem Grund \u00f6ffnet am 14.Juni &#8230;<\/p>\n","protected":false},"author":1,"featured_media":1813,"comment_status":"closed","ping_status":"closed","sticky":false,"template":"","format":"standard","meta":{"footnotes":""},"categories":[4,23],"tags":[],"class_list":["post-1814","post","type-post","status-publish","format-standard","has-post-thumbnail","hentry","category-blog","category-news"],"_links":{"self":[{"href":"http:\/\/home.architektgieskes.de\/index.php?rest_route=\/wp\/v2\/posts\/1814","targetHints":{"allow":["GET"]}}],"collection":[{"href":"http:\/\/home.architektgieskes.de\/index.php?rest_route=\/wp\/v2\/posts"}],"about":[{"href":"http:\/\/home.architektgieskes.de\/index.php?rest_route=\/wp\/v2\/types\/post"}],"author":[{"embeddable":true,"href":"http:\/\/home.architektgieskes.de\/index.php?rest_route=\/wp\/v2\/users\/1"}],"replies":[{"embeddable":true,"href":"http:\/\/home.architektgieskes.de\/index.php?rest_route=%2Fwp%2Fv2%2Fcomments&post=1814"}],"version-history":[{"count":1,"href":"http:\/\/home.architektgieskes.de\/index.php?rest_route=\/wp\/v2\/posts\/1814\/revisions"}],"predecessor-version":[{"id":1815,"href":"http:\/\/home.architektgieskes.de\/index.php?rest_route=\/wp\/v2\/posts\/1814\/revisions\/1815"}],"wp:featuredmedia":[{"embeddable":true,"href":"http:\/\/home.architektgieskes.de\/index.php?rest_route=\/wp\/v2\/media\/1813"}],"wp:attachment":[{"href":"http:\/\/home.architektgieskes.de\/index.php?rest_route=%2Fwp%2Fv2%2Fmedia&parent=1814"}],"wp:term":[{"taxonomy":"category","embeddable":true,"href":"http:\/\/home.architektgieskes.de\/index.php?rest_route=%2Fwp%2Fv2%2Fcategories&post=1814"},{"taxonomy":"post_tag","embeddable":true,"href":"http:\/\/home.architektgieskes.de\/index.php?rest_route=%2Fwp%2Fv2%2Ftags&post=1814"}],"curies":[{"name":"wp","href":"https:\/\/api.w.org\/{rel}","templated":true}]}}